{"id":261,"date":"2017-06-14T08:24:29","date_gmt":"2017-06-14T06:24:29","guid":{"rendered":"http:\/\/www.yves-salmon.org\/?p=261"},"modified":"2017-06-14T08:34:05","modified_gmt":"2017-06-14T06:34:05","slug":"reformer-le-capitalisme-francais-les-echos-14062017-jean-peyrelevade-et-christian-saint-etienne","status":"publish","type":"post","link":"https:\/\/www.yves-salmon.org\/?p=261","title":{"rendered":"R\u00e9former le capitalisme fran\u00e7ais (Les Echos 14\/06\/2017) Jean Peyrelevade et Christian Saint-Etienne"},"content":{"rendered":"<h1>R\u00e9former le capitalisme fran\u00e7ais<\/h1>\n<p>Jean Peyrelevade et Christian Saint-Etienne<\/p>\n<p>Face \u00e0 l&#8217;offensive de plus en plus marqu\u00e9e des capitalismes am\u00e9ricain et chinois, nous devons redresser notre appareil productif. Il faut pour cela sortir de notre culture de lutte des classes et organiser la paix dans l&#8217;entreprise.<!--more--><\/p>\n<p>Trois formes diff\u00e9rentes de capitalisme, entre lesquelles la comp\u00e9tition est engag\u00e9e, se partagent la plan\u00e8te.<\/p>\n<p>Le capitalisme de Wall Street ne se pr\u00e9occupe que de l&#8217;enrichissement de ses actionnaires\u00a0: le rendement du capital y est plus \u00e9lev\u00e9 que dans les autres pays d\u00e9velopp\u00e9s, ce qui provoque un creusement des in\u00e9galit\u00e9s au d\u00e9triment des salari\u00e9s des classes moyennes. La puissance financi\u00e8re des soci\u00e9t\u00e9s, assise sur l&#8217;exploitation du plus grand march\u00e9 du monde, y est consid\u00e9rable. Les dix plus grandes capitalisations boursi\u00e8res mondiales sont toutes am\u00e9ricaines, dont la moiti\u00e9 (Apple, Google, Microsoft, Facebook et Amazon) sp\u00e9cialis\u00e9es dans les nouvelles technologies. Leur capitalisation cumul\u00e9e (3.700\u00a0milliards de dollars) est \u00e9gale \u00e0 deux fois celle de la place de Paris tout enti\u00e8re et \u00e0 six fois celle des dix premi\u00e8res soci\u00e9t\u00e9s fran\u00e7aises. Capital first\u00a0! Donald Trump, en abaissant le montant de l&#8217;imp\u00f4t sur les soci\u00e9t\u00e9s, va encore renforcer le mouvement. America first\u00a0! L&#8217;alliance de Wall Street et du pouvoir politique mettra les Etats-Unis dans la position de pouvoir racheter, partout dans le monde, tous les actifs industriels ou commerciaux qu&#8217;ils peuvent souhaiter.<\/p>\n<p>De l&#8217;autre c\u00f4t\u00e9 du monde, la Chine a r\u00e9invent\u00e9 le capitalisme \u00e9tatique. La strat\u00e9gie industrielle du pays consiste \u00e0 utiliser de plus en plus ses exc\u00e9dents structurels d&#8217;\u00e9pargne et de balance commerciale pour financer des acquisitions de soci\u00e9t\u00e9s \u00e9trang\u00e8res, \u00e0 un rythme d\u00e9sormais sup\u00e9rieur \u00e0 une centaine de milliards d&#8217;euros par an. Ainsi, les deux premi\u00e8res puissances \u00e9conomiques du monde sont-elles toutes deux \u00e0 l&#8217;achat. La position nette externe en actions des Etats-Unis (actions \u00e9trang\u00e8res d\u00e9tenues moins actions am\u00e9ricaines entre les mains de non-r\u00e9sidents) repr\u00e9sente 10\u00a0% de leur PIB, soit pr\u00e8s de 2.000 milliards de dollars. La Chine va suivre, encore \u00e0 distance pour l&#8217;instant.<\/p>\n<p>Nous ne pouvons pas laisser nos entreprises les plus brillantes, nos p\u00e9pites technologiques les plus envi\u00e9es, nos centres de d\u00e9cision les plus importants \u00eatre achet\u00e9s sans coup f\u00e9rir soit par Wall Street, soit par une \u00e9manation de l&#8217;empire du Milieu. Crainte exag\u00e9r\u00e9e\u00a0?<\/p>\n<p>La tentative avort\u00e9e d&#8217;OPA de Kraft-Heinz sur Unilever d&#8217;un c\u00f4t\u00e9, de l&#8217;autre les rachats r\u00e9cents des pneus Pirelli, des machines-outils KraussMaffei, celui en cours de la soci\u00e9t\u00e9 agrochimique suisse Syngenta, tous d\u00e9clench\u00e9s par la m\u00eame entreprise publique ChemChina, dirig\u00e9e par un membre \u00e9minent du Parti communiste, montrent que le danger est bien l\u00e0.<\/p>\n<p>Face \u00e0 cette double menace, nous devons \u00e0 la fois prot\u00e9ger et renforcer notre syst\u00e8me productif\u00a0:<\/p>\n<p>Prot\u00e9ger tout d&#8217;abord. Il est urgent que l&#8217;Europe mette en place une instance d&#8217;agr\u00e9ment et de contr\u00f4le des investissements \u00e9trangers, \u00e0 l&#8217;image de ce qui existe aux Etats-Unis. Le libre-\u00e9change de biens et services \u00e0 travers les fronti\u00e8res, si chacun respecte les r\u00e8gles du jeu, est un facteur d&#8217;enrichissement pour tous les participants. En revanche, rien, absolument rien ne permet de dire que la libert\u00e9 des mouvements de capitaux, appliqu\u00e9e aux acquisitions et cessions d&#8217;entreprises, aurait les m\u00eames avantages. Le transfert de propri\u00e9t\u00e9 est d&#8217;une autre nature que l&#8217;\u00e9change commercial, car il d\u00e9termine la localisation des centres de d\u00e9cision et d&#8217;innovation et celle des usines m\u00e8res dans lesquelles on d\u00e9veloppe les savoir-faire techniques des entreprises. Donc, ne soyons pas na\u00effs.<\/p>\n<p>Consolider ensuite. Le capitalisme fran\u00e7ais est fragile par rapport \u00e0 son homologue allemand ou \u00e0 ses voisins du nord de l&#8217;Europe, aux Pays-Bas et en Scandinavie. L\u00e0, les entreprises font partie d&#8217;un \u00e9cosyst\u00e8me o\u00f9 actionnaires et salari\u00e9s savent qu&#8217;ils partagent un int\u00e9r\u00eat commun. <span style=\"color: #000080;\">Chez nous, l&#8217;id\u00e9e de la lutte des classes est toujours pr\u00e9gnante, qui veut que les patrons soient des adversaires, que les salari\u00e9s soient prot\u00e9g\u00e9s par l&#8217;Etat d&#8217;une exploitation abusive et que les revenus du capital, pr\u00e9l\u00e8vements sans justification au profit d&#8217;un capital inutile, soient surtax\u00e9s.<\/span><\/p>\n<p><span style=\"color: #000080;\">Nous ne redresserons pas notre appareil productif tant que nous ne supprimerons pas cette fracture d\u00e9l\u00e9t\u00e8re. Il est temps, d\u00e9cid\u00e9ment, de prendre conscience que l&#8217;entreprise est un objet d&#8217;int\u00e9r\u00eat g\u00e9n\u00e9ral, dont la bonne sant\u00e9 commande la croissance et l&#8217;emploi. Il nous faut faire notre r\u00e9volution culturelle et adopter enfin les meilleures pratiques du capitalisme rh\u00e9nan, sauf \u00e0 nous voir peu \u00e0 peu rachet\u00e9s par d&#8217;autres et perdre nos centres de d\u00e9cision\u00a0: Usinor, Pechiney, Lafarge, Alcatel, Alstom, la liste est d\u00e9j\u00e0 longue des champions disparus.<\/span><\/p>\n<p><span style=\"color: #000080;\">Deux r\u00e9formes fondamentales doivent \u00eatre men\u00e9es \u00e0 terme, la premi\u00e8re sur la r\u00e9partition des profits\u00a0; la seconde sur celle des pouvoirs\u00a0:<\/span><\/p>\n<p><span style=\"color: #000080;\">Il faut tout d&#8217;abord que l&#8217;ensemble des salari\u00e9s soient plus directement int\u00e9ress\u00e9s \u00e0 la prosp\u00e9rit\u00e9 de l&#8217;entreprise, par exemple par le versement en leur faveur d&#8217;une part significative des profits distribu\u00e9s. Dans le m\u00eame esprit, il faut renforcer les m\u00e9canismes de participation et de constitution d&#8217;un v\u00e9ritable actionnariat salari\u00e9.<\/span><\/p>\n<p><span style=\"color: #000080;\">Mais l&#8217;argent ne suffit pas. Il faut aussi aller, dans toutes les entreprises dont la taille le justifie, vers une cogestion \u00e0 l&#8217;allemande o\u00f9 la moiti\u00e9 des administrateurs sont directement \u00e9lus par l&#8217;ensemble du personnel. Partager raisonnablement les profits, discuter de bonne foi avec les principaux int\u00e9ress\u00e9s les d\u00e9cisions strat\u00e9giques de l&#8217;entreprise tout en gardant le pouvoir de d\u00e9cision ultime, telles sont les contreparties n\u00e9cessaires pour que la collectivit\u00e9 reconnaisse l&#8217;entreprise et admette enfin que la diminution de ses charges sociales et fiscales n&#8217;est pas un cadeau fait aux patrons. Et surtout pour que soit revue la fiscalit\u00e9 sur les revenus du capital qui est en France deux fois plus lourde que chez nos voisins et constitue la premi\u00e8re cause d&#8217;un investissement insuffisant, d&#8217;une croissance faible et donc d&#8217;un ch\u00f4mage irr\u00e9ductible.<\/span><\/p>\n<p>Allons, messieurs du patronat, ayez de l&#8217;audace politique et sociale, sortez de votre conservatisme, proposez et nous aurons une chance de gagner tous ensemble.<\/p>\n","protected":false},"excerpt":{"rendered":"<p>R\u00e9former le capitalisme fran\u00e7ais Jean Peyrelevade et Christian Saint-Etienne Face \u00e0 l&#8217;offensive de plus en plus marqu\u00e9e des capitalismes am\u00e9ricain et chinois, nous devons redresser&#8230;<\/p>\n","protected":false},"author":1,"featured_media":0,"comment_status":"open","ping_status":"open","sticky":false,"template":"","format":"standard","meta":{"footnotes":""},"categories":[9],"tags":[],"class_list":["post-261","post","type-post","status-publish","format-standard","hentry","category-actionnariat-salarie"],"_links":{"self":[{"href":"https:\/\/www.yves-salmon.org\/index.php?rest_route=\/wp\/v2\/posts\/261","targetHints":{"allow":["GET"]}}],"collection":[{"href":"https:\/\/www.yves-salmon.org\/index.php?rest_route=\/wp\/v2\/posts"}],"about":[{"href":"https:\/\/www.yves-salmon.org\/index.php?rest_route=\/wp\/v2\/types\/post"}],"author":[{"embeddable":true,"href":"https:\/\/www.yves-salmon.org\/index.php?rest_route=\/wp\/v2\/users\/1"}],"replies":[{"embeddable":true,"href":"https:\/\/www.yves-salmon.org\/index.php?rest_route=%2Fwp%2Fv2%2Fcomments&post=261"}],"version-history":[{"count":2,"href":"https:\/\/www.yves-salmon.org\/index.php?rest_route=\/wp\/v2\/posts\/261\/revisions"}],"predecessor-version":[{"id":263,"href":"https:\/\/www.yves-salmon.org\/index.php?rest_route=\/wp\/v2\/posts\/261\/revisions\/263"}],"wp:attachment":[{"href":"https:\/\/www.yves-salmon.org\/index.php?rest_route=%2Fwp%2Fv2%2Fmedia&parent=261"}],"wp:term":[{"taxonomy":"category","embeddable":true,"href":"https:\/\/www.yves-salmon.org\/index.php?rest_route=%2Fwp%2Fv2%2Fcategories&post=261"},{"taxonomy":"post_tag","embeddable":true,"href":"https:\/\/www.yves-salmon.org\/index.php?rest_route=%2Fwp%2Fv2%2Ftags&post=261"}],"curies":[{"name":"wp","href":"https:\/\/api.w.org\/{rel}","templated":true}]}}