{"id":345,"date":"2018-05-21T21:05:13","date_gmt":"2018-05-21T19:05:13","guid":{"rendered":"http:\/\/www.yves-salmon.org\/?p=345"},"modified":"2018-05-21T21:07:36","modified_gmt":"2018-05-21T19:07:36","slug":"restitution-loi-pacte-plan-daction-pour-la-croissance-et-la-transformation-des-entreprises","status":"publish","type":"post","link":"https:\/\/www.yves-salmon.org\/?p=345","title":{"rendered":"Restitution Loi PACTE (Plan d&#8217;Action pour la Croissance et la Transformation des Entreprises."},"content":{"rendered":"<ul>\n<li>Th\u00e8me 1 : Cr\u00e9ation, croissance, transmission et rebond.<\/li>\n<li>\u00a0<span style=\"color: #800080;\">Th\u00e8me 2 : Partage de la valeur et engagement soci\u00e9tal des entreprises.<\/span><\/li>\n<li>Th\u00e8me 3 : Financement des entreprises.<\/li>\n<li>Th\u00e8me 4 : Num\u00e9risation et innovation.<\/li>\n<li>Th\u00e8me 5 : Simplification.<\/li>\n<li>Th\u00e8me 6 : Conqu\u00eate de l\u2019international<\/li>\n<\/ul>\n<h3>Th\u00e8me 2 : Partage de la valeur et engagement soci\u00e9tal des entreprises.<\/h3>\n<p>[&#8230;] Les travaux nous ont conduits \u00e0 la n\u00e9cessit\u00e9 de porter une vision politique ambitieuse de ce que l\u2019entreprise est en train de devenir. Une vision \u00e0 la fois lucide et exigeante qui consacre l\u2019entreprise comme un lieu d\u2019innovation collective, produisant de l\u2019utilit\u00e9 au service d\u2019une \u00e9conomie juste, efficace, durable. <span style=\"color: #993366;\">Porter cette vision r\u00e9pond \u00e9galement au besoin historique de r\u00e9concilier les fran\u00e7ais avec l\u2019entreprise et au-del\u00e0, avec l\u2019actionnariat. Il nous appara\u00eet urgent, \u00e0 cette fin, de sortir des oppositions binaires qui conduisent \u00e0 des impasses : le capital contre le travail ; la comp\u00e9titivit\u00e9 contre la RSE ; les actionnaires contre les dirigeants, etc.<\/span> <!--more-->Alors que l\u2019engagement devient la vertu cardinale de ce d\u00e9but de si\u00e8cle et que les attentes sont grandes \u2013 consommateurs exigeants, transparence et exemplarit\u00e9 dans la politique et le monde des affaires, prise de conscience des investisseurs de l\u2019urgence climatique \u2013, nous pensons que le l\u00e9gislateur ne doit pas contraindre mais accompagner ce mouvement, s\u00e9curiser le cadre dans lequel \u00e9voluent les entreprises, susciter la confiance entre les acteurs \u00e9conomiques et pr\u00e9server la libert\u00e9 entrepreneuriale au nom de l\u2019int\u00e9r\u00eat g\u00e9n\u00e9ral.[&#8230;]<\/p>\n<ul>\n<li>Proposition 4 &#8211; Simplifier et renforcer le recours \u00e0 l&#8217;int\u00e9ressement et \u00e0 la participation, notamment pour les PME<\/li>\n<li>Proposition 5 &#8211; Continuer \u00e0 d\u00e9velopper l\u2019actionnariat salari\u00e9 en visant un objectif de 10% du capital des entreprises fran\u00e7aises d\u00e9tenu par les salari\u00e9s.<\/li>\n<\/ul>\n<p>[&#8230;]<\/p>\n<p><a href=\"http:\/\/www.yves-salmon.org\/index.php\/2018\/05\/21\/restitution-loi-pacte-plan-daction-pour-la-croissance-et-la-transformation-des-entreprises\/272-dp-pacte\/\" rel=\"attachment wp-att-346\">272 &#8211; DP PACTE<\/a><\/p>\n<p><a href=\"https:\/\/www.economie.gouv.fr\/plan-entreprises-pacte#calendrier\">https:\/\/www.economie.gouv.fr\/plan-entreprises-pacte#calendrier<\/a><\/p>\n","protected":false},"excerpt":{"rendered":"<p>Th\u00e8me 1 : Cr\u00e9ation, croissance, transmission et rebond. \u00a0Th\u00e8me 2 : Partage de la valeur et engagement soci\u00e9tal des entreprises. Th\u00e8me 3 : Financement des&#8230;<\/p>\n","protected":false},"author":1,"featured_media":0,"comment_status":"open","ping_status":"open","sticky":false,"template":"","format":"standard","meta":{"footnotes":""},"categories":[9,4,6],"tags":[],"class_list":["post-345","post","type-post","status-publish","format-standard","hentry","category-actionnariat-salarie","category-financement-rd","category-idees-remarquables"],"_links":{"self":[{"href":"https:\/\/www.yves-salmon.org\/index.php?rest_route=\/wp\/v2\/posts\/345","targetHints":{"allow":["GET"]}}],"collection":[{"href":"https:\/\/www.yves-salmon.org\/index.php?rest_route=\/wp\/v2\/posts"}],"about":[{"href":"https:\/\/www.yves-salmon.org\/index.php?rest_route=\/wp\/v2\/types\/post"}],"author":[{"embeddable":true,"href":"https:\/\/www.yves-salmon.org\/index.php?rest_route=\/wp\/v2\/users\/1"}],"replies":[{"embeddable":true,"href":"https:\/\/www.yves-salmon.org\/index.php?rest_route=%2Fwp%2Fv2%2Fcomments&post=345"}],"version-history":[{"count":4,"href":"https:\/\/www.yves-salmon.org\/index.php?rest_route=\/wp\/v2\/posts\/345\/revisions"}],"predecessor-version":[{"id":350,"href":"https:\/\/www.yves-salmon.org\/index.php?rest_route=\/wp\/v2\/posts\/345\/revisions\/350"}],"wp:attachment":[{"href":"https:\/\/www.yves-salmon.org\/index.php?rest_route=%2Fwp%2Fv2%2Fmedia&parent=345"}],"wp:term":[{"taxonomy":"category","embeddable":true,"href":"https:\/\/www.yves-salmon.org\/index.php?rest_route=%2Fwp%2Fv2%2Fcategories&post=345"},{"taxonomy":"post_tag","embeddable":true,"href":"https:\/\/www.yves-salmon.org\/index.php?rest_route=%2Fwp%2Fv2%2Ftags&post=345"}],"curies":[{"name":"wp","href":"https:\/\/api.w.org\/{rel}","templated":true}]}}