{"id":441,"date":"2020-02-02T12:18:58","date_gmt":"2020-02-02T11:18:58","guid":{"rendered":"http:\/\/www.yves-salmon.org\/?p=441"},"modified":"2020-02-02T12:18:58","modified_gmt":"2020-02-02T11:18:58","slug":"conference-de-presse-du-general-de-gaulle-9-septembre-1968","status":"publish","type":"post","link":"https:\/\/www.yves-salmon.org\/?p=441","title":{"rendered":"Conf\u00e9rence de presse du g\u00e9n\u00e9ral de Gaulle, 9 septembre 1968"},"content":{"rendered":"<blockquote class=\"wp-embedded-content\" data-secret=\"6LJ6ps4aYX\"><p><a href=\"https:\/\/www.charles-de-gaulle.org\/lhomme\/dossiers-thematiques\/mai-1968\/documents\/conference-de-presse-du-general-de-gaulle-palais-de-lelysee-9-septembre-1968\/\">Conf\u00e9rence de presse du g\u00e9n\u00e9ral de Gaulle, Palais de l\u2019Elys\u00e9e, 9 septembre 1968<\/a><\/p><\/blockquote>\n<p><iframe loading=\"lazy\" class=\"wp-embedded-content\" sandbox=\"allow-scripts\" security=\"restricted\" style=\"position: absolute; visibility: hidden;\" title=\"\u00ab\u00a0Conf\u00e9rence de presse du g\u00e9n\u00e9ral de Gaulle, Palais de l\u2019Elys\u00e9e, 9 septembre 1968\u00a0\u00bb &#8212; Fondation Charles de Gaulle\" src=\"https:\/\/www.charles-de-gaulle.org\/lhomme\/dossiers-thematiques\/mai-1968\/documents\/conference-de-presse-du-general-de-gaulle-palais-de-lelysee-9-septembre-1968\/embed\/#?secret=MZI2EOY6ec#?secret=6LJ6ps4aYX\" data-secret=\"6LJ6ps4aYX\" width=\"470\" height=\"265\" frameborder=\"0\" marginwidth=\"0\" marginheight=\"0\" scrolling=\"no\"><\/iframe><\/p>\n<h1 style=\"background: 0px 0px #ffffff; margin: 0px; padding: 0px 0px 10px; outline: 0px; border: 0px currentColor; text-align: center; color: #333333; text-transform: none; line-height: 0.9em; text-indent: 0px; letter-spacing: normal; font-family: 'Open Sans', Arial, sans-serif; font-size: 24px; font-style: normal; font-weight: 500; word-spacing: 0px; vertical-align: baseline; white-space: normal; box-sizing: border-box; orphans: 2; widows: 2; text-size-adjust: 100%; font-variant-ligatures: normal; font-variant-caps: normal; -webkit-text-stroke-width: 0px; text-decoration-style: initial; text-decoration-color: initial;\"><strong>Conf\u00e9rence de presse du g\u00e9n\u00e9ral de Gaulle,\u00a09 septembre 1968<\/strong><\/h1>\n<h2 style=\"background: 0px 0px #ffffff; margin: 0px; padding: 0px 0px 10px; outline: 0px; border: 0px currentColor; text-align: center; color: #333333; text-transform: none; line-height: 0.9em; text-indent: 0px; letter-spacing: normal; font-family: 'Open Sans', Arial, sans-serif; font-size: 20px; font-style: normal; font-weight: 500; word-spacing: 0px; vertical-align: baseline; white-space: normal; box-sizing: border-box; orphans: 2; widows: 2; text-size-adjust: 100%; font-variant-ligatures: normal; font-variant-caps: normal; -webkit-text-stroke-width: 0px; text-decoration-style: initial; text-decoration-color: initial;\"><\/h2>\n<h2 style=\"background: 0px 0px #ffffff; margin: 0px; padding: 0px 0px 10px; outline: 0px; border: 0px currentColor; text-align: center; color: #333333; text-transform: none; line-height: 0.9em; text-indent: 0px; letter-spacing: normal; font-family: 'Open Sans', Arial, sans-serif; font-size: 20px; font-style: normal; font-weight: 500; word-spacing: 0px; vertical-align: baseline; white-space: normal; box-sizing: border-box; orphans: 2; widows: 2; text-size-adjust: 100%; font-variant-ligatures: normal; font-variant-caps: normal; -webkit-text-stroke-width: 0px; text-decoration-style: initial; text-decoration-color: initial;\"><strong>Palais de l\u2019Elys\u00e9e<\/strong><\/h2>\n<p style=\"background: 0px 0px #ffffff; margin: 0px; padding: 0px 0px 1em; outline: 0px; border: 0px currentColor; text-align: justify; color: #666666; text-transform: none; text-indent: 0px; letter-spacing: normal; font-family: 'Open Sans', Arial, sans-serif; font-size: 14px; font-style: normal; font-weight: 500; word-spacing: 0px; vertical-align: baseline; white-space: normal; box-sizing: border-box; orphans: 2; widows: 2; text-size-adjust: 100%; font-variant-ligatures: normal; font-variant-caps: normal; -webkit-text-stroke-width: 0px; text-decoration-style: initial; text-decoration-color: initial;\"><em>Au cours de l\u2019entretien t\u00e9l\u00e9vis\u00e9 que vous avez eu en juin, vous avez fait part aux t\u00e9l\u00e9spectateurs d\u2019un certain nombre d\u2019appr\u00e9ciations. C\u2019\u00e9tait un diagnostic \u00e0 chaud. Trois mois se sont \u00e9coul\u00e9s. Pouvez-vous nous dire aujourd\u2019hui ce que vous pensez des raisons de la crise avec le recul du temps et des le\u00e7ons qu\u2019on peut en tirer\u00a0?<\/em><\/p>\n<p style=\"background: 0px 0px #ffffff; margin: 0px; padding: 0px 0px 1em; outline: 0px; border: 0px currentColor; text-align: justify; color: #666666; text-transform: none; text-indent: 0px; letter-spacing: normal; font-family: 'Open Sans', Arial, sans-serif; font-size: 14px; font-style: normal; font-weight: 500; word-spacing: 0px; vertical-align: baseline; white-space: normal; box-sizing: border-box; orphans: 2; widows: 2; text-size-adjust: 100%; font-variant-ligatures: normal; font-variant-caps: normal; -webkit-text-stroke-width: 0px; text-decoration-style: initial; text-decoration-color: initial;\">Je me garderai de faire aujourd\u2019hui l\u2019analyse d\u2019une crise nationale aussi complexe que celle que nous avons travers\u00e9e. Je constate seulement, qu\u2019\u00e0 l\u2019\u00e9vidence, cette crise fut grave, parce que l\u2019anarchie universitaire, suscit\u00e9e par des mouvement pour qui elle est une fin en soi,\u00a0puis l\u2019\u00e9touffement \u00e9conomique impos\u00e9 \u00e0 grand renfort de piquets de gr\u00e8ve par des conf\u00e9d\u00e9rations syndicales qui ne peuvent pas, me semble-t-il, s\u2019emp\u00eacher de se politiser, ont pu se d\u00e9ployer longuement et obstin\u00e9ment. Cela gr\u00e2ce \u00e0 cette sorte de vertige que l\u2019on \u00e9prouve fr\u00e9quemment chez nous devant la transformation rapide accomplie par notre pays, avec tous les d\u00e9fauts, toutes les routines, tous les \u00e9go\u00efsmes, qu\u2019elle met en lumi\u00e8re\u00a0; gr\u00e2ce \u00e0 la mise en condition de l\u2019opinion publique \u2013 n\u2019est-ce pas, Messieurs les journalistes\u00a0! \u2013 par la grande majorit\u00e9 des organes de presse et de radio auxquels ne rapportent et, par cons\u00e9quent, pour lesquels ne comptent que les faits scandaleux, violents et destructeurs\u00a0; gr\u00e2ce \u00e0 l\u2019\u00e9tat d\u2019esprit de certains milieux intellectuels, que les r\u00e9alit\u00e9s irritent d\u2019autant plus qu\u2019elles sont rudes, qui adoptent en tous domaines, litt\u00e9raires, artistiques, philosophiques, l\u2019esth\u00e9tique de la contradiction et qu\u2019indispose automatiquement ce qui est normal, national, r\u00e9gulier\u00a0; gr\u00e2ce \u00e0 l\u2019\u00e9trange illusion qui faisait croire \u00e0 beaucoup que l\u2019arr\u00eat st\u00e9rile de la vie pouvait devenir f\u00e9cond, que le n\u00e9ant allait, tout \u00e0 coup, engendrer le renouveau, que les canards sauvages \u00e9taient les enfants du Bon Dieu\u00a0; gr\u00e2ce enfin \u00e0 la passivit\u00e9 qui figeait dans sa masse le pays d\u00e9sempar\u00e9.<\/p>\n<p style=\"background: 0px 0px #ffffff; margin: 0px; padding: 0px 0px 1em; outline: 0px; border: 0px currentColor; text-align: justify; color: #666666; text-transform: none; text-indent: 0px; letter-spacing: normal; font-family: 'Open Sans', Arial, sans-serif; font-size: 14px; font-style: normal; font-weight: 500; word-spacing: 0px; vertical-align: baseline; white-space: normal; box-sizing: border-box; orphans: 2; widows: 2; text-size-adjust: 100%; font-variant-ligatures: normal; font-variant-caps: normal; -webkit-text-stroke-width: 0px; text-decoration-style: initial; text-decoration-color: initial;\">Cette situation \u00e0 beaucoup d\u2019\u00e9gards morbide, je\u00a0 conviens que mon gouvernement n\u2019en a pas aussit\u00f4t trouv\u00e9 la solution. Mais quoi\u00a0? Quand le barrage de Fr\u00e9jus a craqu\u00e9, comment aurait-on eu tout de suite prise sur le torrent\u00a0? Aussi, au long du mois de mai, le gouvernement s\u2019est-il content\u00e9, en limitant \u00e0 l\u2019extr\u00eame les plaies et les bosses, de ma\u00eetriser dans la rue les faiseurs de barricades, d\u2019aider autant que possible \u00e0 la vie de la population et de m\u00e9nager l\u2019apaisement. Quant \u00e0 moi, tout en soutenant la fermet\u00e9 des responsables et tout en affirmant la n\u00e9cessit\u00e9 des r\u00e9formes lorsque l\u2019ordre public r\u00e9tabli permettait de les accomplir, j\u2019attendais pour agir en grand, que les choses s\u2019\u00e9claircissent aux yeux de la nation, sentant bien que, jusque-l\u00e0, l\u2019affaire \u00e9tait insaisissable.<\/p>\n<p style=\"background: 0px 0px #ffffff; margin: 0px; padding: 0px 0px 1em; outline: 0px; border: 0px currentColor; text-align: justify; color: #666666; text-transform: none; text-indent: 0px; letter-spacing: normal; font-family: 'Open Sans', Arial, sans-serif; font-size: 14px; font-style: normal; font-weight: 500; word-spacing: 0px; vertical-align: baseline; white-space: normal; box-sizing: border-box; orphans: 2; widows: 2; text-size-adjust: 100%; font-variant-ligatures: normal; font-variant-caps: normal; -webkit-text-stroke-width: 0px; text-decoration-style: initial; text-decoration-color: initial;\">De fait, le moment vint o\u00f9 chacun y vit clair. Car les auteurs de la crise se trouv\u00e8rent, par ses dimensions m\u00eames, conduits \u00e0 poser la question du r\u00e9gime, autrement dit celle du chef de l\u2019Etat. C\u2019est ainsi que les totalitaires se mirent \u00e0 donner progressivement \u00e0 leur action le caract\u00e8re d\u2019un assaut men\u00e9 contre ce qu\u2019ils nomment \u00ab\u00a0le pouvoir gaulliste\u00a0\u00bb, \u00e0 tenter de me r\u00e9duire \u00e0 l\u2019impuissance et, par l\u00e0, au d\u00e9part gr\u00e2ce \u00e0 la paralysie et au d\u00e9sespoir du pays, \u00e0 \u00e9taler leur force en faisant d\u00e9filer dans Paris plusieurs centaines de milliers de personnes, le 29 mai, c\u2019est-\u00e0-dire apr\u00e8s que les accords de Grenelle eussent satisfait celles des revendications sociales qu\u2019il \u00e9tait possible d\u2019accepter, enfin \u00e0 se d\u00e9clarer pr\u00eats \u00e0 acc\u00e9der \u00e0 un gouvernement de g\u00e9n\u00e9ration spontan\u00e9e o\u00f9 ils seraient pr\u00e9pond\u00e9rants. A coup s\u00fbr, c\u2019est bien cela qui se serait effectivement pass\u00e9 si, de gr\u00e9 ou de force, j\u2019avais cess\u00e9 d\u2019exercer mes fonctions.<\/p>\n<p style=\"background: 0px 0px #ffffff; margin: 0px; padding: 0px 0px 1em; outline: 0px; border: 0px currentColor; text-align: justify; color: #666666; text-transform: none; text-indent: 0px; letter-spacing: normal; font-family: 'Open Sans', Arial, sans-serif; font-size: 14px; font-style: normal; font-weight: 500; word-spacing: 0px; vertical-align: baseline; white-space: normal; box-sizing: border-box; orphans: 2; widows: 2; text-size-adjust: 100%; font-variant-ligatures: normal; font-variant-caps: normal; -webkit-text-stroke-width: 0px; text-decoration-style: initial; text-decoration-color: initial;\">Mais aussi, c\u2019est cette menace qui m\u2019affermit moi-m\u00eame et r\u00e9veilla l\u2019instinct national. L que j\u2019adressai au pays le 30 mai et la r\u00e9ponse qu\u2019il y fit aussit\u00f4t prouv\u00e8rent, tout \u00e0 la fois,\u00a0que la R\u00e9publique et son Pr\u00e9sident \u00e9taient bien r\u00e9solus \u00e0 l\u2019emporter, que par l\u00e0 m\u00eame se dissipait le cauchemar de l\u2019av\u00e8nement des totalitaires, enfin que telle \u00e9tait bien la volont\u00e9 du peuple fran\u00e7ais. Apr\u00e8s quoi, les r\u00e9sultats des \u00e9lections confirm\u00e8rent cette d\u00e9monstration de la mani\u00e8re la plus explicite et la plus \u00e9clatante possible.<\/p>\n<p style=\"background: 0px 0px #ffffff; margin: 0px; padding: 0px 0px 1em; outline: 0px; border: 0px currentColor; text-align: justify; color: #666666; text-transform: none; text-indent: 0px; letter-spacing: normal; font-family: 'Open Sans', Arial, sans-serif; font-size: 14px; font-style: normal; font-weight: 500; word-spacing: 0px; vertical-align: baseline; white-space: normal; box-sizing: border-box; orphans: 2; widows: 2; text-size-adjust: 100%; font-variant-ligatures: normal; font-variant-caps: normal; -webkit-text-stroke-width: 0px; text-decoration-style: initial; text-decoration-color: initial;\">De ces \u00e9v\u00e9nements, trois conclusions doivent \u00eatre tir\u00e9es. La premi\u00e8re concerne notre r\u00e9gime. Le fait est, qu\u2019en d\u00e9pit des secousses, ce r\u00e9gime a tenu bon, alors que, dans les m\u00eames circonstances, celui d\u2019antan, se perdant en crises minist\u00e9rielles, e\u00fbt \u00e0 coup s\u00fbr livr\u00e9 la place \u00e0 la dictature que l\u2019on sait. Pour notre peuple, que sa nature et l\u2019\u00e9poque o\u00f9 nous vivons exposent \u00e0 tant d\u2019avatars, nos actuelles institutions fournissent l\u2019antidote n\u00e9cessaire \u00e0 sa propre fragilit\u00e9.<\/p>\n<p style=\"background: 0px 0px #ffffff; margin: 0px; padding: 0px 0px 1em; outline: 0px; border: 0px currentColor; text-align: justify; color: #666666; text-transform: none; text-indent: 0px; letter-spacing: normal; font-family: 'Open Sans', Arial, sans-serif; font-size: 14px; font-style: normal; font-weight: 500; word-spacing: 0px; vertical-align: baseline; white-space: normal; box-sizing: border-box; orphans: 2; widows: 2; text-size-adjust: 100%; font-variant-ligatures: normal; font-variant-caps: normal; -webkit-text-stroke-width: 0px; text-decoration-style: initial; text-decoration-color: initial;\">La deuxi\u00e8me conclusion se rapporte \u00e0 notre politique. Nous avons \u00e0 r\u00e9former, car il est clair que,\u00a0dans les engrenages de la soci\u00e9t\u00e9 m\u00e9canique moderne, l\u2019homme \u00e9prouve le besoin de se manifester comme tel, autrement dit de participer, non point seulement par son suffrage \u00e0 la marche de la R\u00e9publique, mais par l\u2019int\u00e9ressement et la consultation \u00e0 celle de l\u2019activit\u00e9 particuli\u00e8re o\u00f9 il s\u2019emploie. C\u2019est vrai dans l\u2019universit\u00e9, o\u00f9 le milieu appelle l\u2019id\u00e9e de discussion. C\u2019est vrai aussi dans l\u2019\u00e9conomie, pour cette raison que son fonctionnement comporte des r\u00e8gles rigoureuses qui doivent valoir une part directe du profit \u00e0 ceux qui y sont pli\u00e9s, tandis que les travailleurs, \u00e0 mesure que l\u2019\u00e8re industrielle am\u00e9liore leur vie et leurs capacit\u00e9s, ont qualit\u00e9 pour \u00eatre inform\u00e9s et pour d\u00e9battre de ce qui, gr\u00e2ce \u00e0 leur effort, est accompli ou projet\u00e9 et de ce qui peut en r\u00e9sulter quant \u00e0 leur propre destin.<\/p>\n<p style=\"background: 0px 0px #ffffff; margin: 0px; padding: 0px 0px 1em; outline: 0px; border: 0px currentColor; text-align: justify; color: #666666; text-transform: none; text-indent: 0px; letter-spacing: normal; font-family: 'Open Sans', Arial, sans-serif; font-size: 14px; font-style: normal; font-weight: 500; word-spacing: 0px; vertical-align: baseline; white-space: normal; box-sizing: border-box; orphans: 2; widows: 2; text-size-adjust: 100%; font-variant-ligatures: normal; font-variant-caps: normal; -webkit-text-stroke-width: 0px; text-decoration-style: initial; text-decoration-color: initial;\">Organiser la participation l\u00e0 o\u00f9 elle ne l\u2019est pas encore, la d\u00e9velopper l\u00e0 o\u00f9 elle existe, voil\u00e0 \u00e0 quoi nous avons \u00e0 nous appliquer. Mais \u00e0 la condition, faute de laquelle, toute r\u00e9forme \u2013 et notamment celle-l\u00e0 \u2013 ne serait qu\u2019un mot pour rire, que nous maintenions l\u2019ordre partout, que, tout en respectant les libert\u00e9s d\u2019opinion, d\u2019expression et de r\u00e9union ainsi que le droit de gr\u00e8ve dans les conditions pr\u00e9vues par la loi, toutes les menaces et les violences soient bris\u00e9es et r\u00e9prim\u00e9es, que l\u2019Etat s\u2019oppose \u00e0 ce qu\u2019aucune autorit\u00e9 que la sienne ne s\u2019exerce sur ce qui lui appartient, qu\u2019en particulier, l\u2019utilisation, la d\u00e9tention, l\u2019occupation irr\u00e9guli\u00e8res des communications, transmissions, services et locaux publics soient interdites et emp\u00each\u00e9es.<\/p>\n<p style=\"background: 0px 0px #ffffff; margin: 0px; padding: 0px 0px 1em; outline: 0px; border: 0px currentColor; text-align: justify; color: #666666; text-transform: none; text-indent: 0px; letter-spacing: normal; font-family: 'Open Sans', Arial, sans-serif; font-size: 14px; font-style: normal; font-weight: 500; word-spacing: 0px; vertical-align: baseline; white-space: normal; box-sizing: border-box; orphans: 2; widows: 2; text-size-adjust: 100%; font-variant-ligatures: normal; font-variant-caps: normal; -webkit-text-stroke-width: 0px; text-decoration-style: initial; text-decoration-color: initial;\">Enfin, et ce sera la troisi\u00e8me conclusion, nous avons v\u00e9rifi\u00e9, une fois de plus, qu\u2019en ce temps plein d\u2019incertitudes, par cons\u00e9quent de p\u00e9rils, et qui exigent de la part de l\u2019Etat des desseins fermes et continus, des institutions constantes et une politique active, aucun syst\u00e8me de pens\u00e9e, de volont\u00e9 et d\u2019action ne sauraient inspirer la France, comme il faut pour qu\u2019elle soit la France, sinon celui que les \u00e9v\u00e9nements ont suscit\u00e9 depuis juin 1940. Ce syst\u00e8me est en effet le seul qui permette \u00e0 la nation de se tirer d\u2019affaire quand la temp\u00eate se d\u00e9cha\u00eene, le seul qui soit reli\u00e9 assez directement \u00e0 son pass\u00e9 et assez ambitieux de son avenir pour maintenir son unit\u00e9 et rev\u00eatir sa l\u00e9gitimit\u00e9, le seul qui soit, en partant de ses structures, habitudes et \u00e9quipements plus ou moins p\u00e9rim\u00e9s, apte \u00e0 la transformer sans \u00e9touffer ses libert\u00e9s, en une puissance prosp\u00e8re et moderne, le seul qui soit capable d\u2019assurer son ind\u00e9pendance, de soutenir son rang dans l\u2019univers, de r\u00e9pondre \u00e0 sa s\u00e9curit\u00e9. On ne sait que trop, en effet, \u00e0 quelle faillite nouvelle, mais cette fois irr\u00e9parable, le r\u00e9gime des partis, si on le laissait revenir, m\u00e8nerait notre pays et on ne mesure que trop bien dans quelle lamentable servitude le plongerait, le cas \u00e9ch\u00e9ant, la dictature des totalitaires.<\/p>\n<p style=\"background: 0px 0px #ffffff; margin: 0px; padding: 0px 0px 1em; outline: 0px; border: 0px currentColor; text-align: justify; color: #666666; text-transform: none; text-indent: 0px; letter-spacing: normal; font-family: 'Open Sans', Arial, sans-serif; font-size: 14px; font-style: normal; font-weight: 500; word-spacing: 0px; vertical-align: baseline; white-space: normal; box-sizing: border-box; orphans: 2; widows: 2; text-size-adjust: 100%; font-variant-ligatures: normal; font-variant-caps: normal; -webkit-text-stroke-width: 0px; text-decoration-style: initial; text-decoration-color: initial;\">On voit donc quel est, pour longtemps, le devoir de coh\u00e9sion et de r\u00e9solution de ceux qui, \u00e0 mesure du temps, ont adh\u00e9rer, adh\u00e8rent ou adh\u00e9reront \u00e0 l\u2019entreprise de r\u00e9novation nationale qui a le service de la France pour raison d\u2019\u00eatre, pour loi et pour ressort. Cette entreprise, si on l\u2019appelle \u00ab\u00a0Gaullisme\u00a0\u00bb depuis 1940, n\u2019est que la forme contemporaine de l\u2019\u00e9lan de notre pays, une fois de plus ranim\u00e9, vers le degr\u00e9 de rayonnement, de puissance et d\u2019influence r\u00e9pondant \u00e0 sa vocation humaine au milieu de l\u2019Humanit\u00e9.<\/p>\n<p>&nbsp;<\/p>\n<p>&nbsp;<\/p>\n","protected":false},"excerpt":{"rendered":"<p>Conf\u00e9rence de presse du g\u00e9n\u00e9ral de Gaulle, Palais de l\u2019Elys\u00e9e, 9 septembre 1968 Conf\u00e9rence de presse du g\u00e9n\u00e9ral de Gaulle,\u00a09 septembre 1968 Palais de l\u2019Elys\u00e9e&#8230;<\/p>\n","protected":false},"author":1,"featured_media":0,"comment_status":"open","ping_status":"open","sticky":false,"template":"","format":"standard","meta":{"footnotes":""},"categories":[1],"tags":[],"class_list":["post-441","post","type-post","status-publish","format-standard","hentry","category-non-classe"],"_links":{"self":[{"href":"https:\/\/www.yves-salmon.org\/index.php?rest_route=\/wp\/v2\/posts\/441","targetHints":{"allow":["GET"]}}],"collection":[{"href":"https:\/\/www.yves-salmon.org\/index.php?rest_route=\/wp\/v2\/posts"}],"about":[{"href":"https:\/\/www.yves-salmon.org\/index.php?rest_route=\/wp\/v2\/types\/post"}],"author":[{"embeddable":true,"href":"https:\/\/www.yves-salmon.org\/index.php?rest_route=\/wp\/v2\/users\/1"}],"replies":[{"embeddable":true,"href":"https:\/\/www.yves-salmon.org\/index.php?rest_route=%2Fwp%2Fv2%2Fcomments&post=441"}],"version-history":[{"count":1,"href":"https:\/\/www.yves-salmon.org\/index.php?rest_route=\/wp\/v2\/posts\/441\/revisions"}],"predecessor-version":[{"id":442,"href":"https:\/\/www.yves-salmon.org\/index.php?rest_route=\/wp\/v2\/posts\/441\/revisions\/442"}],"wp:attachment":[{"href":"https:\/\/www.yves-salmon.org\/index.php?rest_route=%2Fwp%2Fv2%2Fmedia&parent=441"}],"wp:term":[{"taxonomy":"category","embeddable":true,"href":"https:\/\/www.yves-salmon.org\/index.php?rest_route=%2Fwp%2Fv2%2Fcategories&post=441"},{"taxonomy":"post_tag","embeddable":true,"href":"https:\/\/www.yves-salmon.org\/index.php?rest_route=%2Fwp%2Fv2%2Ftags&post=441"}],"curies":[{"name":"wp","href":"https:\/\/api.w.org\/{rel}","templated":true}]}}