{"id":443,"date":"2020-02-02T12:21:38","date_gmt":"2020-02-02T11:21:38","guid":{"rendered":"http:\/\/www.yves-salmon.org\/?p=443"},"modified":"2020-02-02T12:25:47","modified_gmt":"2020-02-02T11:25:47","slug":"charles-de-gaulle-allocution-du-29-septembre-1968","status":"publish","type":"post","link":"https:\/\/www.yves-salmon.org\/?p=443","title":{"rendered":"Charles De Gaulle, Allocution du 29 septembre 1968"},"content":{"rendered":"<p><a href=\"https:\/\/fresques.ina.fr\/de-gaulle\/fiche-media\/Gaulle00144\/allocution-du-29-septembre-1968.html\">https:\/\/fresques.ina.fr\/de-gaulle\/fiche-media\/Gaulle00144\/allocution-du-29-septembre-1968.html<\/a><\/p>\n<p>&nbsp;<\/p>\n<p><span id=\"ext-gen1635\" data-tc-in=\"0\" data-tc-out=\"7023\">Le mois dernier, tout s&#8217;en allait.<\/span>\u00a0<span id=\"ext-gen1636\" data-tc-in=\"7023\" data-tc-out=\"35069\">Notre pays, scandalis\u00e9 par l&#8217;anarchie universitaire, paralys\u00e9 par la gr\u00e8ve g\u00e9n\u00e9ralis\u00e9e, d\u00e9sempar\u00e9 par l&#8217;incertitude d&#8217;un parlement sans majorit\u00e9, pouvait penser que la R\u00e9publique disparaissait avec la Libert\u00e9.<\/span>\u00a0<span id=\"ext-gen1637\" data-tc-in=\"35069\" data-tc-out=\"50765\">Le 30 mai, sentant qu&#8217;enfin s&#8217;\u00e9veillait l&#8217;instinct national, j&#8217;en ai appel\u00e9 au peuple. Il m&#8217;a r\u00e9pondu dans ses profondeurs.<\/span>\u00a0<span id=\"ext-gen1638\" data-tc-in=\"50765\" data-tc-out=\"83565\">Du coup, fut rompu le charme mal\u00e9fique qui nous entra\u00eenait vers l&#8217;ab\u00eeme, tandis que se d\u00e9ployait les manifestations de l&#8217;esp\u00e9rance retrouv\u00e9e, puis que se d\u00e9clenchait le retour au travail, enfin que la Nation s&#8217;exprimait au premier tour des \u00e9lections, tout a \u00e9t\u00e9 r\u00e9par\u00e9.<\/span>\u00a0<span id=\"ext-gen1639\" data-tc-in=\"83565\" data-tc-out=\"94585\">Voil\u00e0 la page qui vient d&#8217;\u00eatre inscrite au livre tourment\u00e9 de notre histoire.<\/span>\u00a0<span id=\"ext-gen1640\" data-tc-in=\"94585\" data-tc-out=\"125445\">Maintenant que semble s&#8217;\u00e9loigner une \u00e9preuve qui eut emport\u00e9 tout autre r\u00e9gime que le n\u00f4tre, et que nous n&#8217;avons sur le moment surmont\u00e9e que gr\u00e2ce \u00e0 un gouvernement solide et d\u00e9termin\u00e9 autour du Chef de l&#8217;Etat, il est vital que la France reprenne sa marche en avant.<\/span>\u00a0<span id=\"ext-gen1641\" data-tc-in=\"125445\" data-tc-out=\"153450\">Tout d&#8217;abord, puisque la R\u00e9publique a failli nous \u00eatre arrach\u00e9e, nous devons nous unir, non seulement pour la d\u00e9fendre et y remettre tout en ordre, faute de quoi, c&#8217;est le malheur qui aurait d\u00e9cid\u00e9ment gagn\u00e9, mais encore pour la rendre plus efficace et plus fraternelle.<\/span>\u00a0<span id=\"ext-gen1642\" data-tc-in=\"153450\" data-tc-out=\"176387\">C&#8217;est dire qu&#8217;en votant demain, nous devons d\u00e9montrer \u00e0 cet \u00e9gard notre massive r\u00e9solution, et nous donner un Parlement qui soit capable de soutenir, par une forte, constante, coh\u00e9rente majorit\u00e9, la politique n\u00e9cessaire.<\/span>\u00a0<span id=\"ext-gen1643\" data-tc-in=\"176387\" data-tc-out=\"193916\">Cette politique sera rude car nous allons avoir \u00e0 mener un grand effort de production, de productivit\u00e9, de travail.<\/span>\u00a0<span id=\"ext-gen1644\" data-tc-in=\"193916\" data-tc-out=\"227897\">Pour r\u00e9parer au milieu de nos concurrents \u00e9trangers, le handicap que nous inflige la crise dont nous sortons, pour emp\u00eacher que la hausse des prix, l&#8217;inflation, la chute de la monnaie, r\u00e9duisent \u00e0 moins que rien, l&#8217;am\u00e9lioration des salaires et les allocations des familles et gens \u00e2g\u00e9s, et d\u00e9veloppent chez nous le ch\u00f4mage.<\/span>\u00a0<span id=\"ext-gen1645\" data-tc-in=\"227897\" data-tc-out=\"248904\">Pour poursuivre l&#8217;avance qui entra\u00eenait depuis 10 ans, gr\u00e2ce \u00e0 la paix, peu \u00e0 peu r\u00e9tablie, notre industrie, notre agriculture, notre commerce, et qui nous pla\u00e7ait pas \u00e0 pas \u00e0 la pointe du progr\u00e8s moderne.<\/span>\u00a0<span id=\"ext-gen1646\" data-tc-in=\"248904\" data-tc-out=\"278825\">Cela nous devons le faire et nous pouvons le r\u00e9ussir en agissant en pleine ind\u00e9pendance, mais en coop\u00e9rant activement, avec d&#8217;autres pays, d&#8217;un bout \u00e0 l&#8217;autre de l&#8217;Europe, notamment dans le March\u00e9 Commun et en accroissant nos \u00e9changes, partout ailleurs \u00e0 travers le monde.<\/span>\u00a0<span style=\"color: #ff0000;\"><span id=\"ext-gen1647\" data-tc-in=\"278825\" data-tc-out=\"300570\">Mais par dessus tout, il s&#8217;agit d&#8217;accomplir la vaste mutation sociale qui, seule, peut nous mettre en \u00e9tat d&#8217;\u00e9quilibre humain, et que d&#8217;instinct appelle notre jeunesse.<\/span>\u00a0<span id=\"ext-gen1648\" data-tc-in=\"300570\" data-tc-out=\"344521\">Il s&#8217;agit que l&#8217;Homme, bien qu&#8217;il soit pris dans les engrenages de la soci\u00e9t\u00e9 m\u00e9canique, voie sa condition assur\u00e9e, qu&#8217;il garde sa dignit\u00e9, qu&#8217;il exerce sa responsabilit\u00e9, il s&#8217;agit que dans chacune de nos activit\u00e9s, par exemple, une entreprise ou une universit\u00e9, chacun de ceux qui en font partie soit associ\u00e9 directement \u00e0 la fa\u00e7on dont elle marche, au r\u00e9sultat qu&#8217;elle obtient, au service qu&#8217;elle rend \u00e0 l&#8217;ensemble national.<\/span>\u00a0<span id=\"ext-gen1649\" class=\"ux-youhou\" data-tc-in=\"344521\" data-tc-out=\"355844\">Bref, il s&#8217;agit que la participation devienne la r\u00e8gle et le ressort d&#8217;une France renouvel\u00e9e.<\/span><\/span>\u00a0<span id=\"ext-gen1650\" data-tc-in=\"355844\" data-tc-out=\"370454\">Fran\u00e7aises, Fran\u00e7ais, voil\u00e0 le chemin qu&#8217;il faut suivre, et que ma vocation et mon mandat me commandent de vous montrer, puisque le destin est en jeu.<\/span>\u00a0<span id=\"ext-gen1651\" data-tc-in=\"370454\" data-tc-out=\"406913\">Mais, quand demain, comme je l&#8217;esp\u00e8re, vous en aurez ainsi d\u00e9mocratiquement d\u00e9cid\u00e9, alors, puissions-nous, en d\u00e9pit d&#8217;erreurs, des secousses, des divisions, qui ont encore une fois failli briser notre pays, nous retrouver tous, nous respecter les uns les autres, nous rapprocher mutuellement dans notre unit\u00e9 nationale.<\/span>\u00a0<span id=\"ext-gen1652\" data-tc-in=\"406913\" data-tc-out=\"426364\">Car c&#8217;est au m\u00eame titre, que toutes et tous nous sommes, comme l&#8217;ont \u00e9t\u00e9 nos a\u00efeux, comme le seront nos descendants, les filles et les fils de la France.<\/span>\u00a0<span id=\"ext-gen1653\" data-tc-in=\"426364\" data-tc-out=\"431000\">Vive la R\u00e9publique, vive la France !<\/span><\/p>\n<p>&nbsp;<\/p>\n<p>&nbsp;<\/p>\n<p>&nbsp;<\/p>\n<p>&nbsp;<\/p>\n<p>&nbsp;<\/p>\n<p>&nbsp;<\/p>\n","protected":false},"excerpt":{"rendered":"<p>https:\/\/fresques.ina.fr\/de-gaulle\/fiche-media\/Gaulle00144\/allocution-du-29-septembre-1968.html &nbsp; Le mois dernier, tout s&#8217;en allait.\u00a0Notre pays, scandalis\u00e9 par l&#8217;anarchie universitaire, paralys\u00e9 par la gr\u00e8ve g\u00e9n\u00e9ralis\u00e9e, d\u00e9sempar\u00e9 par l&#8217;incertitude d&#8217;un parlement sans majorit\u00e9,&#8230;<\/p>\n","protected":false},"author":1,"featured_media":0,"comment_status":"open","ping_status":"open","sticky":false,"template":"","format":"standard","meta":{"footnotes":""},"categories":[9],"tags":[],"class_list":["post-443","post","type-post","status-publish","format-standard","hentry","category-actionnariat-salarie"],"_links":{"self":[{"href":"https:\/\/www.yves-salmon.org\/index.php?rest_route=\/wp\/v2\/posts\/443","targetHints":{"allow":["GET"]}}],"collection":[{"href":"https:\/\/www.yves-salmon.org\/index.php?rest_route=\/wp\/v2\/posts"}],"about":[{"href":"https:\/\/www.yves-salmon.org\/index.php?rest_route=\/wp\/v2\/types\/post"}],"author":[{"embeddable":true,"href":"https:\/\/www.yves-salmon.org\/index.php?rest_route=\/wp\/v2\/users\/1"}],"replies":[{"embeddable":true,"href":"https:\/\/www.yves-salmon.org\/index.php?rest_route=%2Fwp%2Fv2%2Fcomments&post=443"}],"version-history":[{"count":4,"href":"https:\/\/www.yves-salmon.org\/index.php?rest_route=\/wp\/v2\/posts\/443\/revisions"}],"predecessor-version":[{"id":447,"href":"https:\/\/www.yves-salmon.org\/index.php?rest_route=\/wp\/v2\/posts\/443\/revisions\/447"}],"wp:attachment":[{"href":"https:\/\/www.yves-salmon.org\/index.php?rest_route=%2Fwp%2Fv2%2Fmedia&parent=443"}],"wp:term":[{"taxonomy":"category","embeddable":true,"href":"https:\/\/www.yves-salmon.org\/index.php?rest_route=%2Fwp%2Fv2%2Fcategories&post=443"},{"taxonomy":"post_tag","embeddable":true,"href":"https:\/\/www.yves-salmon.org\/index.php?rest_route=%2Fwp%2Fv2%2Ftags&post=443"}],"curies":[{"name":"wp","href":"https:\/\/api.w.org\/{rel}","templated":true}]}}