{"id":449,"date":"2020-02-02T12:41:19","date_gmt":"2020-02-02T11:41:19","guid":{"rendered":"http:\/\/www.yves-salmon.org\/?p=449"},"modified":"2021-09-08T16:19:09","modified_gmt":"2021-09-08T14:19:09","slug":"de-gaulle-conference-de-presse-du-28-octobre-1966","status":"publish","type":"post","link":"https:\/\/www.yves-salmon.org\/?p=449","title":{"rendered":"De Gaulle, Conf\u00e9rence de Presse du 28 Octobre 1966"},"content":{"rendered":"<p>&nbsp;<\/p>\n<p><a href=\"https:\/\/fresques.ina.fr\/de-gaulle\/fiche-media\/Gaulle00261\/conference-de-presse-du-28-octobre-1966.html\">https:\/\/fresques.ina.fr\/de-gaulle\/fiche-media\/Gaulle00261\/conference-de-presse-du-28-octobre-1966.html<\/a><\/p>\n<p>&nbsp;<\/p>\n<p>Extrait :<\/p>\n<p><span id=\"ext-gen2649\" data-tc-in=\"3520326\" data-tc-out=\"3538842\">Le changement qu&#8217;il faut apporter \u00e0 la condition ouvri\u00e8re, c&#8217;est l&#8217;association active du travail \u00e0 l&#8217;\u0153uvre \u00e9conomique qu&#8217;il contribue \u00e0 accomplir.<\/span>\u00a0<span id=\"ext-gen2650\" data-tc-in=\"3538842\" data-tc-out=\"3559859\">Je sais bien qu&#8217;\u00e0 cet \u00e9gard-l\u00e0 aussi, dans cette voie-l\u00e0 aussi, quelques pas ont d\u00e9j\u00e0 \u00e9t\u00e9 franchis. Bien que la r\u00e9alisation n&#8217;en soit encore qu&#8217;\u00e0 ses d\u00e9buts,<\/span>\u00a0<span id=\"ext-gen2651\" data-tc-in=\"3559859\" data-tc-out=\"3577286\">on peut m\u00eame dire que le cap du principe et maintenant d\u00e9pass\u00e9. C&#8217;est quelque chose en effet que d&#8217;avoir en 1945 institu\u00e9 les comit\u00e9s d&#8217;entreprise.<\/span>\u00a0<span id=\"ext-gen2652\" class=\"ux-youhou\" data-tc-in=\"3577286\" data-tc-out=\"3584841\">C&#8217;est quelque chose que d&#8217;avoir par une loi de 1964 \u00e9tendu leurs attributions.<\/span>\u00a0<span style=\"color: #ff0000;\"><span id=\"ext-gen2653\" data-tc-in=\"3584841\" data-tc-out=\"3601503\">C&#8217;est quelque chose que d&#8217;avoir par une ordonnance de 1959 incit\u00e9 mat\u00e9riellement les entreprises \u00e0 int\u00e9resser le personnel au b\u00e9n\u00e9fice, au capital et \u00e0 la productivit\u00e9.<\/span>\u00a0<span id=\"ext-gen2654\" data-tc-in=\"3601503\" data-tc-out=\"3622777\">C&#8217;est quelque chose d&#8217;avoir pr\u00e9vu dans la loi tout r\u00e9cemment que les travailleurs, dans certains cas, auront droit \u00e0 une part capitalis\u00e9e des plus-values du capital.<\/span>\u00a0<\/span><span id=\"ext-gen2655\" data-tc-in=\"3622777\" data-tc-out=\"3651926\">Mais \u00e0 l&#8217;\u00e9chelon de la Nation aussi, c&#8217;est quelque chose que d&#8217;avoir inaugur\u00e9 la politique des revenus avec le cinqui\u00e8me plan, politique par laquelle les salaires s&#8217;\u00e9l\u00e8vent en moyenne en m\u00eame temps que le produit \u00e9conomique global.<\/span>\u00a0<span id=\"ext-gen2656\" data-tc-in=\"3651926\" data-tc-out=\"3659759\">Je ne dis pas au m\u00eame niveau ni \u00e0 la m\u00eame vitesse, je dis en m\u00eame temps. Et vous savez ce que veux dire.<\/span>\u00a0<span id=\"ext-gen2657\" data-tc-in=\"3659759\" data-tc-out=\"3673887\">Car il y a tous les pr\u00e9l\u00e8vements \u00e0 faire subir pour toutes esp\u00e8ces de raisons qui font que le taux de l&#8217;un et le taux de l&#8217;autre ne peuvent pas \u00eatre rigoureusement \u00e9gaux.<\/span>\u00a0<span id=\"ext-gen2658\" data-tc-in=\"3673887\" data-tc-out=\"3692763\">C&#8217;est quelque chose aussi, \u00e0 l&#8217;\u00e9chelon de la Nation, que d&#8217;avoir introduit les syndicats dans les instances qui \u00e9laborent les donn\u00e9es \u00e9conomiques et sociales de la politique de l&#8217;Etat.<\/span>\u00a0<span id=\"ext-gen2659\" data-tc-in=\"3692763\" data-tc-out=\"3714300\">C&#8217;est quelque chose que d&#8217;avoir organis\u00e9 l&#8217;\u00e9ducation nationale de telle sorte que d\u00e9sormais tous les enfants de France auront leurs chances compl\u00e8tes dans les \u00e9tudes, depuis le d\u00e9but jusqu&#8217;\u00e0 la fin.<\/span>\u00a0<span id=\"ext-gen2660\" data-tc-in=\"3714300\" data-tc-out=\"3753757\">Mais il reste \u00e0 fixer les voies et les moyens par lesquels, l\u00e9galement, la part des travailleurs et du m\u00eame coup leur responsabilit\u00e9 dans les progr\u00e8s des entreprises seront d\u00e9finies \u00e9tant donn\u00e9 qu&#8217;ils y ont particip\u00e9, qu&#8217;ils y participent par leurs efforts et par leurs capacit\u00e9s.<\/span>\u00a0<span id=\"ext-gen2661\" data-tc-in=\"3753757\" data-tc-out=\"3788356\">Il va de soi qu&#8217;une r\u00e9forme pareille, qui consiste \u00e0 b\u00e2tir ou plus exactement \u00e0 achever un support nouveau de notre \u00e9difice \u00e9conomique et social, cette r\u00e9forme ne saurait \u00e9branler les deux autres piliers qui sont l&#8217;investissement n\u00e9cessaire des capitaux pour l&#8217;\u00e9quipement des entreprises, et d&#8217;autre part l&#8217;initiative et l&#8217;autorit\u00e9 de ceux qui ont \u00e0 les diriger.<\/span>\u00a0<span id=\"ext-gen2662\" data-tc-in=\"3788356\" data-tc-out=\"3809371\">Il va de soi, du m\u00eame coup, que cette r\u00e9forme comporte elle aussi \u00e0 son tour des \u00e9tudes, des choix et des d\u00e9lais. Mais il faut la vouloir, la d\u00e9cider et la d\u00e9clencher.<\/span><\/p>\n","protected":false},"excerpt":{"rendered":"<p>&nbsp; https:\/\/fresques.ina.fr\/de-gaulle\/fiche-media\/Gaulle00261\/conference-de-presse-du-28-octobre-1966.html &nbsp; Extrait : Le changement qu&#8217;il faut apporter \u00e0 la condition ouvri\u00e8re, c&#8217;est l&#8217;association active du travail \u00e0 l&#8217;\u0153uvre \u00e9conomique qu&#8217;il contribue \u00e0&#8230;<\/p>\n","protected":false},"author":1,"featured_media":0,"comment_status":"open","ping_status":"open","sticky":false,"template":"","format":"standard","meta":{"footnotes":""},"categories":[1],"tags":[],"class_list":["post-449","post","type-post","status-publish","format-standard","hentry","category-non-classe"],"_links":{"self":[{"href":"https:\/\/www.yves-salmon.org\/index.php?rest_route=\/wp\/v2\/posts\/449","targetHints":{"allow":["GET"]}}],"collection":[{"href":"https:\/\/www.yves-salmon.org\/index.php?rest_route=\/wp\/v2\/posts"}],"about":[{"href":"https:\/\/www.yves-salmon.org\/index.php?rest_route=\/wp\/v2\/types\/post"}],"author":[{"embeddable":true,"href":"https:\/\/www.yves-salmon.org\/index.php?rest_route=\/wp\/v2\/users\/1"}],"replies":[{"embeddable":true,"href":"https:\/\/www.yves-salmon.org\/index.php?rest_route=%2Fwp%2Fv2%2Fcomments&post=449"}],"version-history":[{"count":3,"href":"https:\/\/www.yves-salmon.org\/index.php?rest_route=\/wp\/v2\/posts\/449\/revisions"}],"predecessor-version":[{"id":479,"href":"https:\/\/www.yves-salmon.org\/index.php?rest_route=\/wp\/v2\/posts\/449\/revisions\/479"}],"wp:attachment":[{"href":"https:\/\/www.yves-salmon.org\/index.php?rest_route=%2Fwp%2Fv2%2Fmedia&parent=449"}],"wp:term":[{"taxonomy":"category","embeddable":true,"href":"https:\/\/www.yves-salmon.org\/index.php?rest_route=%2Fwp%2Fv2%2Fcategories&post=449"},{"taxonomy":"post_tag","embeddable":true,"href":"https:\/\/www.yves-salmon.org\/index.php?rest_route=%2Fwp%2Fv2%2Ftags&post=449"}],"curies":[{"name":"wp","href":"https:\/\/api.w.org\/{rel}","templated":true}]}}